{"id":3709,"date":"2025-08-05T08:33:46","date_gmt":"2025-08-05T08:33:46","guid":{"rendered":"https:\/\/lsr-bw.de\/seniorenraete\/ortenaukreis\/?p=3709"},"modified":"2025-08-05T08:34:16","modified_gmt":"2025-08-05T08:34:16","slug":"konstituierende-sitzung-des-ksr-ortenau-hat-neu-gewaehlt","status":"publish","type":"post","link":"https:\/\/lsr-bw.de\/seniorenraete\/ortenaukreis\/konstituierende-sitzung-des-ksr-ortenau-hat-neu-gewaehlt\/","title":{"rendered":"Konstituierende Sitzung des KSR Ortenau hat neu gew\u00e4hlt"},"content":{"rendered":"<h3>Alle Posten besetzt<\/h3>\n<p><strong>Arbeitsaufteilung des neu gew\u00e4hlten Kreisseniorenrates abgeschlossen<\/strong><\/p>\n<p><em>Gerd Baumer erneut als Vorsitzender gew\u00e4hlt, Stellvertreter\/in Monika K\u00f6bele und Karl Stiegeler.<\/em><\/p>\n<p><strong>Offenburg. <\/strong>In seiner konstituierenden Sitzung w\u00e4hlten die neuen Mitglieder des 18- k\u00f6pfigen Gremiums den gesch\u00e4ftsf\u00fchrenden Vorstand und die VertreterInnen in den Kreisgremien. Wahlleiter Anskar Hail hatte die Wahlleitung in der konstituierenden Sitzung des Kreisseniorenrates Ortenaukreis im kleinen Sitzungssaal des Landratsamtes. 22 Posten galt es neu zu besetzen.<\/p>\n<p>Als Vorstandsvorsitzender wurde der fr\u00fchere Kehler Kommunalpolitiker Gerd Baumer in seinem bisherigen Amt best\u00e4tigt. Die Stellvertreter sind wie bisher Monika K\u00f6bele aus Lahr und neu hinzugekommen Karl Stiegeler aus Ettenheim. Als Kassierer w\u00e4hlte das Gremium Heinrich St\u00f6hr aus Haslach. Vervollst\u00e4ndigt wird der gesch\u00e4ftsf\u00fchrende Vorstand durch Schriftf\u00fchrer Edwin Fischer aus Lahr. Irene Hildenbrand aus Offenburg und Regina Duksch aus Sulz wurden als seine Stellvertreterinnen gew\u00e4hlt. Erg\u00e4nzt wird der gesch\u00e4ftsf\u00fchrende Vorstand durch Anskar Hail, der als Vertreter der Landkreisverwaltung dem Kreisseniorenrat angeh\u00f6rt und f\u00fcr eine enge Kooperation zwischen dem Landratsamt und dem Kreisseniorenrat steht.<\/p>\n<p>Als weitere Funktionen wurden Mitglieder in diverse Kreisgremien benannt und gew\u00e4hlt. Beirat Kreispflegeplanung: Angela Perlet, Offenburg und Susanne Hangg Willst\u00e4tt. Beirat Behindertenhilfeplanung: Helga Basler, Offenburg und Ulrike Ertl Lahr. Im Unterausschuss L\u00e4ndlicher Raum wird der Kreisseniorenrat durch Heinrich St\u00f6hr und Patricia Winter aus Durbach vertreten. Betina Feuerbach und Sabrina Lusch vertreten das Gremium in der Gesundheitskonferenz des Ortenaukreises. Als Webmaster fungieren: Gerd Baumer und Susanne Hangg.\u00a0 Als Redaktionsmitglieder wurden Gerd Baumer, Irene Hildenbrand, Heinrich Stoehr und Patricia Winter gew\u00e4hlt.<\/p>\n<p>Als Themen f\u00fcr die jetzige Wahlperiode haben sich die neuen Kreisseniorenratsmitglieder die Zusammenarbeit mit dem Beirat f\u00fcr Menschen mit Handicap vorgenommen sowie das virulente Thema Altersarmut. Eine weitere Sitzung mit der Klinikverwaltung zur Klinikagenda 20230 ist vorgesehen f\u00fcr das Fr\u00fchjahr 2026. Wie bisher schon versteht sich der Kreisseniorenrat als politisches Sprachrohr der Senioren im Ortenaukreis und will seine Arbeit engagiert und zielstrebig angehen.<\/p>\n","protected":false},"excerpt":{"rendered":"<p>Alle Posten besetzt Arbeitsaufteilung des neu gew\u00e4hlten Kreisseniorenrates abgeschlossen Gerd Baumer erneut als Vorsitzender gew\u00e4hlt, Stellvertreter\/in Monika K\u00f6bele und Karl [&hellip;]<\/p>\n","protected":false},"author":7,"featured_media":3655,"comment_status":"closed","ping_status":"closed","sticky":false,"template":"","format":"standard","meta":{"footnotes":""},"categories":[89,193],"tags":[],"class_list":["post-3709","post","type-post","status-publish","format-standard","has-post-thumbnail","hentry","category-aktuelles","category-pressemitteilungen"],"_links":{"self":[{"href":"https:\/\/lsr-bw.de\/seniorenraete\/ortenaukreis\/wp-json\/wp\/v2\/posts\/3709","targetHints":{"allow":["GET"]}}],"collection":[{"href":"https:\/\/lsr-bw.de\/seniorenraete\/ortenaukreis\/wp-json\/wp\/v2\/posts"}],"about":[{"href":"https:\/\/lsr-bw.de\/seniorenraete\/ortenaukreis\/wp-json\/wp\/v2\/types\/post"}],"author":[{"embeddable":true,"href":"https:\/\/lsr-bw.de\/seniorenraete\/ortenaukreis\/wp-json\/wp\/v2\/users\/7"}],"replies":[{"embeddable":true,"href":"https:\/\/lsr-bw.de\/seniorenraete\/ortenaukreis\/wp-json\/wp\/v2\/comments?post=3709"}],"version-history":[{"count":1,"href":"https:\/\/lsr-bw.de\/seniorenraete\/ortenaukreis\/wp-json\/wp\/v2\/posts\/3709\/revisions"}],"predecessor-version":[{"id":3710,"href":"https:\/\/lsr-bw.de\/seniorenraete\/ortenaukreis\/wp-json\/wp\/v2\/posts\/3709\/revisions\/3710"}],"wp:featuredmedia":[{"embeddable":true,"href":"https:\/\/lsr-bw.de\/seniorenraete\/ortenaukreis\/wp-json\/wp\/v2\/media\/3655"}],"wp:attachment":[{"href":"https:\/\/lsr-bw.de\/seniorenraete\/ortenaukreis\/wp-json\/wp\/v2\/media?parent=3709"}],"wp:term":[{"taxonomy":"category","embeddable":true,"href":"https:\/\/lsr-bw.de\/seniorenraete\/ortenaukreis\/wp-json\/wp\/v2\/categories?post=3709"},{"taxonomy":"post_tag","embeddable":true,"href":"https:\/\/lsr-bw.de\/seniorenraete\/ortenaukreis\/wp-json\/wp\/v2\/tags?post=3709"}],"curies":[{"name":"wp","href":"https:\/\/api.w.org\/{rel}","templated":true}]}}