{"id":3370,"date":"2024-01-20T21:45:56","date_gmt":"2024-01-20T21:45:56","guid":{"rendered":"https:\/\/lsr-bw.de\/seniorenraete\/ortenaukreis\/?p=3370"},"modified":"2024-01-20T21:45:56","modified_gmt":"2024-01-20T21:45:56","slug":"kreisseniorenrat-beteiligt-sich-an-demonstration-in-offenburg","status":"publish","type":"post","link":"https:\/\/lsr-bw.de\/seniorenraete\/ortenaukreis\/kreisseniorenrat-beteiligt-sich-an-demonstration-in-offenburg\/","title":{"rendered":"Kreisseniorenrat beteiligt sich an Demonstration in Offenburg"},"content":{"rendered":"<p><b>Mitglieder des Kreisseniorenrates demonstrieren mit in Offenburg f\u00fcr Toleranz, Respekt und Vielfalt<\/b><\/p>\n<p>Mitglieder des Kreisseniorenrates waren bei der Demonstration am Samstag in Offenburg dabei, um ein deutliches Zeichen auch der \u00e4lteren Generation zu setzen.<\/p>\n<p>Gerade wir Senioren wollen uns f\u00fcr die Demokratie und gegen rechtes Gedankengut einsetzen, so der Vorsitzende des KSR- Ortenau am vergangenen Samstag in Offenburg.<\/p>\n<p>Wir m\u00fcssen diese Staatsform nicht nur bewahren, sondern gerade in Krisenzeiten vehement daf\u00fcr k\u00e4mpfen betonte Gerd Baumer.<\/p>\n<p>Wir werden uns gegen Faschismus, Fremdenfeindlichkeit und Diskriminierung stark machen.<\/p>\n<p><img loading=\"lazy\" decoding=\"async\" class=\"alignleft size-thumbnail wp-image-3372\" src=\"https:\/\/lsr-bw.de\/seniorenraete\/ortenaukreis\/wp-content\/uploads\/2024\/01\/20240120_110315-150x150.jpg\" alt=\"\" width=\"150\" height=\"150\" \/><img loading=\"lazy\" decoding=\"async\" class=\"alignleft size-thumbnail wp-image-3373\" src=\"https:\/\/lsr-bw.de\/seniorenraete\/ortenaukreis\/wp-content\/uploads\/2024\/01\/20240120_120727-150x150.jpg\" alt=\"\" width=\"150\" height=\"150\" \/><\/p>\n","protected":false},"excerpt":{"rendered":"<p>Mitglieder des Kreisseniorenrates demonstrieren mit in Offenburg f\u00fcr Toleranz, Respekt und Vielfalt Mitglieder des Kreisseniorenrates waren bei der Demonstration am [&hellip;]<\/p>\n","protected":false},"author":7,"featured_media":3371,"comment_status":"closed","ping_status":"closed","sticky":false,"template":"","format":"standard","meta":{"footnotes":""},"categories":[89,193],"tags":[],"class_list":["post-3370","post","type-post","status-publish","format-standard","has-post-thumbnail","hentry","category-aktuelles","category-pressemitteilungen"],"_links":{"self":[{"href":"https:\/\/lsr-bw.de\/seniorenraete\/ortenaukreis\/wp-json\/wp\/v2\/posts\/3370","targetHints":{"allow":["GET"]}}],"collection":[{"href":"https:\/\/lsr-bw.de\/seniorenraete\/ortenaukreis\/wp-json\/wp\/v2\/posts"}],"about":[{"href":"https:\/\/lsr-bw.de\/seniorenraete\/ortenaukreis\/wp-json\/wp\/v2\/types\/post"}],"author":[{"embeddable":true,"href":"https:\/\/lsr-bw.de\/seniorenraete\/ortenaukreis\/wp-json\/wp\/v2\/users\/7"}],"replies":[{"embeddable":true,"href":"https:\/\/lsr-bw.de\/seniorenraete\/ortenaukreis\/wp-json\/wp\/v2\/comments?post=3370"}],"version-history":[{"count":1,"href":"https:\/\/lsr-bw.de\/seniorenraete\/ortenaukreis\/wp-json\/wp\/v2\/posts\/3370\/revisions"}],"predecessor-version":[{"id":3374,"href":"https:\/\/lsr-bw.de\/seniorenraete\/ortenaukreis\/wp-json\/wp\/v2\/posts\/3370\/revisions\/3374"}],"wp:featuredmedia":[{"embeddable":true,"href":"https:\/\/lsr-bw.de\/seniorenraete\/ortenaukreis\/wp-json\/wp\/v2\/media\/3371"}],"wp:attachment":[{"href":"https:\/\/lsr-bw.de\/seniorenraete\/ortenaukreis\/wp-json\/wp\/v2\/media?parent=3370"}],"wp:term":[{"taxonomy":"category","embeddable":true,"href":"https:\/\/lsr-bw.de\/seniorenraete\/ortenaukreis\/wp-json\/wp\/v2\/categories?post=3370"},{"taxonomy":"post_tag","embeddable":true,"href":"https:\/\/lsr-bw.de\/seniorenraete\/ortenaukreis\/wp-json\/wp\/v2\/tags?post=3370"}],"curies":[{"name":"wp","href":"https:\/\/api.w.org\/{rel}","templated":true}]}}