{"id":3202,"date":"2023-07-10T07:26:56","date_gmt":"2023-07-10T07:26:56","guid":{"rendered":"https:\/\/lsr-bw.de\/seniorenraete\/ortenaukreis\/?p=3202"},"modified":"2023-07-10T07:26:56","modified_gmt":"2023-07-10T07:26:56","slug":"pedeleckurs-des-seniorenforums-kehl","status":"publish","type":"post","link":"https:\/\/lsr-bw.de\/seniorenraete\/ortenaukreis\/pedeleckurs-des-seniorenforums-kehl\/","title":{"rendered":"Pedeleckurs des Seniorenforums Kehl"},"content":{"rendered":"<p><strong>Auf dem Gel\u00e4nde der Jugendverkehrsschule Kehl, welches Teil der Verkehrswacht Kehl ist und von der Stadt Kehl gut unterst\u00fctzt wird,<\/strong><\/p>\n<p><strong>f\u00fchrte das Seniorenforum Kehl mit den beiden Pedelctrainern Christina Schroth und Gerd Baumer einen Kurs f\u00fcr Senioren durch.<\/strong><\/p>\n<p>Redakteurin Nina Saam berichtete in der Kehler Zeitung\/Mittelbadische Presse dar\u00fcber. Wir danke f\u00fcr die \u00dcberlassung der Datei samt Bild.<\/p>\n<p>Lesen Sie den ganzen Artikel:<\/p>\n<p><a href=\"https:\/\/lsr-bw.de\/seniorenraete\/ortenaukreis\/wp-content\/uploads\/2023\/07\/KehlerZeitung_20230710_19_2.pdf\">KehlerZeitung_20230710_19_2<\/a><\/p>\n","protected":false},"excerpt":{"rendered":"<p>Auf dem Gel\u00e4nde der Jugendverkehrsschule Kehl, welches Teil der Verkehrswacht Kehl ist und von der Stadt Kehl gut unterst\u00fctzt wird, [&hellip;]<\/p>\n","protected":false},"author":7,"featured_media":0,"comment_status":"closed","ping_status":"closed","sticky":false,"template":"","format":"standard","meta":{"footnotes":""},"categories":[89],"tags":[],"class_list":["post-3202","post","type-post","status-publish","format-standard","hentry","category-aktuelles"],"_links":{"self":[{"href":"https:\/\/lsr-bw.de\/seniorenraete\/ortenaukreis\/wp-json\/wp\/v2\/posts\/3202","targetHints":{"allow":["GET"]}}],"collection":[{"href":"https:\/\/lsr-bw.de\/seniorenraete\/ortenaukreis\/wp-json\/wp\/v2\/posts"}],"about":[{"href":"https:\/\/lsr-bw.de\/seniorenraete\/ortenaukreis\/wp-json\/wp\/v2\/types\/post"}],"author":[{"embeddable":true,"href":"https:\/\/lsr-bw.de\/seniorenraete\/ortenaukreis\/wp-json\/wp\/v2\/users\/7"}],"replies":[{"embeddable":true,"href":"https:\/\/lsr-bw.de\/seniorenraete\/ortenaukreis\/wp-json\/wp\/v2\/comments?post=3202"}],"version-history":[{"count":1,"href":"https:\/\/lsr-bw.de\/seniorenraete\/ortenaukreis\/wp-json\/wp\/v2\/posts\/3202\/revisions"}],"predecessor-version":[{"id":3205,"href":"https:\/\/lsr-bw.de\/seniorenraete\/ortenaukreis\/wp-json\/wp\/v2\/posts\/3202\/revisions\/3205"}],"wp:attachment":[{"href":"https:\/\/lsr-bw.de\/seniorenraete\/ortenaukreis\/wp-json\/wp\/v2\/media?parent=3202"}],"wp:term":[{"taxonomy":"category","embeddable":true,"href":"https:\/\/lsr-bw.de\/seniorenraete\/ortenaukreis\/wp-json\/wp\/v2\/categories?post=3202"},{"taxonomy":"post_tag","embeddable":true,"href":"https:\/\/lsr-bw.de\/seniorenraete\/ortenaukreis\/wp-json\/wp\/v2\/tags?post=3202"}],"curies":[{"name":"wp","href":"https:\/\/api.w.org\/{rel}","templated":true}]}}