{"id":2290,"date":"2020-03-07T12:00:03","date_gmt":"2020-03-07T11:00:03","guid":{"rendered":"https:\/\/lsr-bw.de\/seniorenraete\/goeppingen\/?p=2290"},"modified":"2022-01-12T15:54:16","modified_gmt":"2022-01-12T14:54:16","slug":"goeppingen-hauptstadt-der-senioren","status":"publish","type":"post","link":"https:\/\/lsr-bw.de\/seniorenraete\/goeppingen\/aktuelles\/goeppingen-hauptstadt-der-senioren\/","title":{"rendered":"G\u00f6ppingen \u2013 Hauptstadt der Senioren"},"content":{"rendered":"\t\t<div data-elementor-type=\"wp-post\" data-elementor-id=\"2290\" class=\"elementor elementor-2290\" data-elementor-settings=\"[]\">\n\t\t\t\t\t\t<div class=\"elementor-inner\">\n\t\t\t\t\t\t\t<div class=\"elementor-section-wrap\">\n\t\t\t\t\t\t\t<section class=\"elementor-section elementor-top-section elementor-element elementor-element-ecb2568 elementor-section-boxed elementor-section-height-default elementor-section-height-default\" data-id=\"ecb2568\" data-element_type=\"section\">\n\t\t\t\t\t\t<div class=\"elementor-container elementor-column-gap-default\">\n\t\t\t\t\t\t\t<div class=\"elementor-row\">\n\t\t\t\t\t<div class=\"elementor-column elementor-col-50 elementor-top-column elementor-element elementor-element-5a490b9\" data-id=\"5a490b9\" data-element_type=\"column\">\n\t\t\t<div class=\"elementor-column-wrap elementor-element-populated\">\n\t\t\t\t\t\t\t<div class=\"elementor-widget-wrap\">\n\t\t\t\t\t\t<div class=\"elementor-element elementor-element-4bc0ff8 elementor-widget elementor-widget-text-editor\" data-id=\"4bc0ff8\" data-element_type=\"widget\" data-widget_type=\"text-editor.default\">\n\t\t\t\t<div class=\"elementor-widget-container\">\n\t\t\t\t\t\t\t\t<div class=\"elementor-text-editor elementor-clearfix\">\n\t\t\t\t<p><strong>G\u00f6ppingen wird Senioren-Hauptstadt \u2013 freilich nur f\u00fcr einen Tag. Der Landesseniorenrat (LSR) hat den Landesseniorentag 2020 nach G\u00f6ppingen vergeben. Er wird am 7. Oktober in der Stadthalle der Hohenstaufenstadt stattfinden.<\/strong><\/p><p>G\u00f6ppingen Nicht unbeteiligt an der Entscheidung d\u00fcrfte Prof. Uwe B\u00e4hr, der Vorsitzende des Landesseniorenrates, gewesen sein, der damit eine Veranstaltung von landesweiter Bedeutung in seine Heimatstadt geholt hat. Zum Landesseniorentag werden Delegationen aus den 42 Kreisseniorenr\u00e4ten und den rund 180 Orts- und Stadtseniorenr\u00e4ten sowie aus den 39 dem LSR angeschlossenen Verb\u00e4nden mit Seniorenarbeit erwartet.<\/p><p>Der Kreisseniorenrat f\u00fcr den Landkreis, insbesondere aber der Stadtseniorenrat G\u00f6ppingen, wird seine Mitglieder dazu aufrufen, bei der Bew\u00e4ltigung der logistischen und organisatorischen Aufgaben mitzuwirken, die eine Gro\u00dfveranstaltung verlangt. Es wird mit 1200 Teilnehmern gerechnet.<\/p><p>\u201eDer Landesseniorenrat m\u00f6chte die Senioren bei den anstehenden Herausforderungen hinsichtlich Digitalisierung und Mobilit\u00e4t sowie zu den Themen Gesundheit und Pflege mitnehmen und daf\u00fcr Sorge tragen, dass die \u00e4ltere Generation dabei angemessen unterst\u00fctzt wird\u201c, betonte Prof. B\u00e4hr. Der Landesseniorenrat vertritt in Baden-W\u00fcrttemberg knapp 2,9 Millionen Menschen, die \u00e4lter als 60 Jahre sind. Das Motto des Seniorentags in G\u00f6ppingen ist gegenw\u00e4rtig noch nicht bekannt; auch n\u00e4here Einzelheiten, wie sich die Stadt G\u00f6ppingen in diesem Zusammenhang pr\u00e4sentieren wird, ist noch offen.<\/p><p>Es wird damit gerechnet, dass Franz M\u00fcntefering, der Pr\u00e4sident der Bundesarbeitsgemeinschaft der Seniorenorganisationen (BAGSO) ein Gru\u00dfwort sprechen wird. Der G\u00f6ppinger KSR-Vorsitzende Frieder Kauderer sagte, dass mit der Entscheidung f\u00fcr den Veranstaltungsort G\u00f6ppingen auch die jahrzehntelange Arbeit der Seniorenr\u00e4te in der Stadt G\u00f6ppingen und im Landkreis eine gro\u00dfe Wertsch\u00e4tzung erfahre.<\/p>\t\t\t\t\t<\/div>\n\t\t\t\t\t\t<\/div>\n\t\t\t\t<\/div>\n\t\t\t\t\t\t<\/div>\n\t\t\t\t\t<\/div>\n\t\t<\/div>\n\t\t\t\t<div class=\"elementor-column elementor-col-50 elementor-top-column elementor-element elementor-element-76ab448\" data-id=\"76ab448\" data-element_type=\"column\">\n\t\t\t<div class=\"elementor-column-wrap elementor-element-populated\">\n\t\t\t\t\t\t\t<div class=\"elementor-widget-wrap\">\n\t\t\t\t\t\t<div class=\"elementor-element elementor-element-63279ea elementor-widget elementor-widget-gallery\" data-id=\"63279ea\" data-element_type=\"widget\" data-settings=\"{&quot;gap&quot;:{&quot;unit&quot;:&quot;px&quot;,&quot;size&quot;:11,&quot;sizes&quot;:[]},&quot;columns&quot;:2,&quot;lazyload&quot;:&quot;yes&quot;,&quot;gallery_layout&quot;:&quot;grid&quot;,&quot;columns_tablet&quot;:2,&quot;columns_mobile&quot;:1,&quot;gap_tablet&quot;:{&quot;unit&quot;:&quot;px&quot;,&quot;size&quot;:10,&quot;sizes&quot;:[]},&quot;gap_mobile&quot;:{&quot;unit&quot;:&quot;px&quot;,&quot;size&quot;:10,&quot;sizes&quot;:[]},&quot;link_to&quot;:&quot;file&quot;,&quot;aspect_ratio&quot;:&quot;3:2&quot;,&quot;overlay_background&quot;:&quot;yes&quot;,&quot;content_hover_animation&quot;:&quot;fade-in&quot;}\" data-widget_type=\"gallery.default\">\n\t\t\t\t<div class=\"elementor-widget-container\">\n\t\t\t\t\t<div class=\"elementor-gallery__container\">\n\t\t\t\t\t\t\t<a class=\"e-gallery-item elementor-gallery-item elementor-animated-content\" href=\"https:\/\/lsr-bw.de\/seniorenraete\/goeppingen\/wp-content\/uploads\/2022\/01\/landesseniorentag_2021_goeppingen_001.jpg\" data-elementor-open-lightbox=\"yes\" data-elementor-lightbox-slideshow=\"all-63279ea\" data-elementor-lightbox-title=\"landesseniorentag_2021_goeppingen_001\" e-action-hash=\"#elementor-action%3Aaction%3Dlightbox%26settings%3DeyJpZCI6MjM4OCwidXJsIjoiaHR0cHM6XC9cL2xzci1idy5kZVwvc2VuaW9yZW5yYWV0ZVwvZ29lcHBpbmdlblwvd3AtY29udGVudFwvdXBsb2Fkc1wvMjAyMlwvMDFcL2xhbmRlc3NlbmlvcmVudGFnXzIwMjFfZ29lcHBpbmdlbl8wMDEuanBnIiwic2xpZGVzaG93IjoiYWxsLTYzMjc5ZWEifQ%3D%3D\">\n\t\t\t\t\t<div class=\"e-gallery-image elementor-gallery-item__image\" data-thumbnail=\"https:\/\/lsr-bw.de\/seniorenraete\/goeppingen\/wp-content\/uploads\/2022\/01\/landesseniorentag_2021_goeppingen_001-300x225.jpg\" data-width=\"300\" data-height=\"225\" alt=\"\" ><\/div>\n\t\t\t\t\t\t\t\t\t\t\t<div class=\"elementor-gallery-item__overlay\"><\/div>\n\t\t\t\t\t\t\t\t\t\t\t\t\t\t<\/a>\n\t\t\t\t\t\t\t<a class=\"e-gallery-item elementor-gallery-item elementor-animated-content\" href=\"https:\/\/lsr-bw.de\/seniorenraete\/goeppingen\/wp-content\/uploads\/2022\/01\/landesseniorentag_2021_goeppingen_002.jpg\" data-elementor-open-lightbox=\"yes\" data-elementor-lightbox-slideshow=\"all-63279ea\" data-elementor-lightbox-title=\"landesseniorentag_2021_goeppingen_002\" e-action-hash=\"#elementor-action%3Aaction%3Dlightbox%26settings%3DeyJpZCI6MjM4OSwidXJsIjoiaHR0cHM6XC9cL2xzci1idy5kZVwvc2VuaW9yZW5yYWV0ZVwvZ29lcHBpbmdlblwvd3AtY29udGVudFwvdXBsb2Fkc1wvMjAyMlwvMDFcL2xhbmRlc3NlbmlvcmVudGFnXzIwMjFfZ29lcHBpbmdlbl8wMDIuanBnIiwic2xpZGVzaG93IjoiYWxsLTYzMjc5ZWEifQ%3D%3D\">\n\t\t\t\t\t<div class=\"e-gallery-image elementor-gallery-item__image\" data-thumbnail=\"https:\/\/lsr-bw.de\/seniorenraete\/goeppingen\/wp-content\/uploads\/2022\/01\/landesseniorentag_2021_goeppingen_002-300x225.jpg\" data-width=\"300\" data-height=\"225\" alt=\"\" ><\/div>\n\t\t\t\t\t\t\t\t\t\t\t<div class=\"elementor-gallery-item__overlay\"><\/div>\n\t\t\t\t\t\t\t\t\t\t\t\t\t\t<\/a>\n\t\t\t\t\t\t\t<a class=\"e-gallery-item elementor-gallery-item elementor-animated-content\" href=\"https:\/\/lsr-bw.de\/seniorenraete\/goeppingen\/wp-content\/uploads\/2022\/01\/landesseniorentag_2021_goeppingen_003.jpg\" data-elementor-open-lightbox=\"yes\" data-elementor-lightbox-slideshow=\"all-63279ea\" data-elementor-lightbox-title=\"landesseniorentag_2021_goeppingen_003\" e-action-hash=\"#elementor-action%3Aaction%3Dlightbox%26settings%3DeyJpZCI6MjM5MCwidXJsIjoiaHR0cHM6XC9cL2xzci1idy5kZVwvc2VuaW9yZW5yYWV0ZVwvZ29lcHBpbmdlblwvd3AtY29udGVudFwvdXBsb2Fkc1wvMjAyMlwvMDFcL2xhbmRlc3NlbmlvcmVudGFnXzIwMjFfZ29lcHBpbmdlbl8wMDMuanBnIiwic2xpZGVzaG93IjoiYWxsLTYzMjc5ZWEifQ%3D%3D\">\n\t\t\t\t\t<div class=\"e-gallery-image elementor-gallery-item__image\" data-thumbnail=\"https:\/\/lsr-bw.de\/seniorenraete\/goeppingen\/wp-content\/uploads\/2022\/01\/landesseniorentag_2021_goeppingen_003-300x225.jpg\" data-width=\"300\" data-height=\"225\" alt=\"\" ><\/div>\n\t\t\t\t\t\t\t\t\t\t\t<div class=\"elementor-gallery-item__overlay\"><\/div>\n\t\t\t\t\t\t\t\t\t\t\t\t\t\t<\/a>\n\t\t\t\t\t\t\t<a class=\"e-gallery-item elementor-gallery-item elementor-animated-content\" href=\"https:\/\/lsr-bw.de\/seniorenraete\/goeppingen\/wp-content\/uploads\/2022\/01\/landesseniorentag_2021_goeppingen_004.jpg\" data-elementor-open-lightbox=\"yes\" data-elementor-lightbox-slideshow=\"all-63279ea\" data-elementor-lightbox-title=\"landesseniorentag_2021_goeppingen_004\" e-action-hash=\"#elementor-action%3Aaction%3Dlightbox%26settings%3DeyJpZCI6MjM5MSwidXJsIjoiaHR0cHM6XC9cL2xzci1idy5kZVwvc2VuaW9yZW5yYWV0ZVwvZ29lcHBpbmdlblwvd3AtY29udGVudFwvdXBsb2Fkc1wvMjAyMlwvMDFcL2xhbmRlc3NlbmlvcmVudGFnXzIwMjFfZ29lcHBpbmdlbl8wMDQuanBnIiwic2xpZGVzaG93IjoiYWxsLTYzMjc5ZWEifQ%3D%3D\">\n\t\t\t\t\t<div class=\"e-gallery-image elementor-gallery-item__image\" data-thumbnail=\"https:\/\/lsr-bw.de\/seniorenraete\/goeppingen\/wp-content\/uploads\/2022\/01\/landesseniorentag_2021_goeppingen_004-300x225.jpg\" data-width=\"300\" data-height=\"225\" alt=\"\" ><\/div>\n\t\t\t\t\t\t\t\t\t\t\t<div class=\"elementor-gallery-item__overlay\"><\/div>\n\t\t\t\t\t\t\t\t\t\t\t\t\t\t<\/a>\n\t\t\t\t\t\t\t<a class=\"e-gallery-item elementor-gallery-item elementor-animated-content\" href=\"https:\/\/lsr-bw.de\/seniorenraete\/goeppingen\/wp-content\/uploads\/2022\/01\/landesseniorentag_2021_goeppingen_005.jpg\" data-elementor-open-lightbox=\"yes\" data-elementor-lightbox-slideshow=\"all-63279ea\" data-elementor-lightbox-title=\"landesseniorentag_2021_goeppingen_005\" e-action-hash=\"#elementor-action%3Aaction%3Dlightbox%26settings%3DeyJpZCI6MjM5MiwidXJsIjoiaHR0cHM6XC9cL2xzci1idy5kZVwvc2VuaW9yZW5yYWV0ZVwvZ29lcHBpbmdlblwvd3AtY29udGVudFwvdXBsb2Fkc1wvMjAyMlwvMDFcL2xhbmRlc3NlbmlvcmVudGFnXzIwMjFfZ29lcHBpbmdlbl8wMDUuanBnIiwic2xpZGVzaG93IjoiYWxsLTYzMjc5ZWEifQ%3D%3D\">\n\t\t\t\t\t<div class=\"e-gallery-image elementor-gallery-item__image\" data-thumbnail=\"https:\/\/lsr-bw.de\/seniorenraete\/goeppingen\/wp-content\/uploads\/2022\/01\/landesseniorentag_2021_goeppingen_005-300x225.jpg\" data-width=\"300\" data-height=\"225\" alt=\"\" ><\/div>\n\t\t\t\t\t\t\t\t\t\t\t<div class=\"elementor-gallery-item__overlay\"><\/div>\n\t\t\t\t\t\t\t\t\t\t\t\t\t\t<\/a>\n\t\t\t\t\t\t\t<a class=\"e-gallery-item elementor-gallery-item elementor-animated-content\" href=\"https:\/\/lsr-bw.de\/seniorenraete\/goeppingen\/wp-content\/uploads\/2022\/01\/landesseniorentag_2021_goeppingen_006.jpg\" data-elementor-open-lightbox=\"yes\" data-elementor-lightbox-slideshow=\"all-63279ea\" data-elementor-lightbox-title=\"landesseniorentag_2021_goeppingen_006\" e-action-hash=\"#elementor-action%3Aaction%3Dlightbox%26settings%3DeyJpZCI6MjM5MywidXJsIjoiaHR0cHM6XC9cL2xzci1idy5kZVwvc2VuaW9yZW5yYWV0ZVwvZ29lcHBpbmdlblwvd3AtY29udGVudFwvdXBsb2Fkc1wvMjAyMlwvMDFcL2xhbmRlc3NlbmlvcmVudGFnXzIwMjFfZ29lcHBpbmdlbl8wMDYuanBnIiwic2xpZGVzaG93IjoiYWxsLTYzMjc5ZWEifQ%3D%3D\">\n\t\t\t\t\t<div class=\"e-gallery-image elementor-gallery-item__image\" data-thumbnail=\"https:\/\/lsr-bw.de\/seniorenraete\/goeppingen\/wp-content\/uploads\/2022\/01\/landesseniorentag_2021_goeppingen_006-300x225.jpg\" data-width=\"300\" data-height=\"225\" alt=\"\" ><\/div>\n\t\t\t\t\t\t\t\t\t\t\t<div class=\"elementor-gallery-item__overlay\"><\/div>\n\t\t\t\t\t\t\t\t\t\t\t\t\t\t<\/a>\n\t\t\t\t\t\t\t<a class=\"e-gallery-item elementor-gallery-item elementor-animated-content\" href=\"https:\/\/lsr-bw.de\/seniorenraete\/goeppingen\/wp-content\/uploads\/2022\/01\/landesseniorentag_2021_goeppingen_007.jpg\" data-elementor-open-lightbox=\"yes\" data-elementor-lightbox-slideshow=\"all-63279ea\" data-elementor-lightbox-title=\"landesseniorentag_2021_goeppingen_007\" e-action-hash=\"#elementor-action%3Aaction%3Dlightbox%26settings%3DeyJpZCI6MjM5NCwidXJsIjoiaHR0cHM6XC9cL2xzci1idy5kZVwvc2VuaW9yZW5yYWV0ZVwvZ29lcHBpbmdlblwvd3AtY29udGVudFwvdXBsb2Fkc1wvMjAyMlwvMDFcL2xhbmRlc3NlbmlvcmVudGFnXzIwMjFfZ29lcHBpbmdlbl8wMDcuanBnIiwic2xpZGVzaG93IjoiYWxsLTYzMjc5ZWEifQ%3D%3D\">\n\t\t\t\t\t<div class=\"e-gallery-image elementor-gallery-item__image\" data-thumbnail=\"https:\/\/lsr-bw.de\/seniorenraete\/goeppingen\/wp-content\/uploads\/2022\/01\/landesseniorentag_2021_goeppingen_007-300x225.jpg\" data-width=\"300\" data-height=\"225\" alt=\"\" ><\/div>\n\t\t\t\t\t\t\t\t\t\t\t<div class=\"elementor-gallery-item__overlay\"><\/div>\n\t\t\t\t\t\t\t\t\t\t\t\t\t\t<\/a>\n\t\t\t\t\t\t\t<a class=\"e-gallery-item elementor-gallery-item elementor-animated-content\" href=\"https:\/\/lsr-bw.de\/seniorenraete\/goeppingen\/wp-content\/uploads\/2022\/01\/landesseniorentag_2021_goeppingen_008.jpg\" data-elementor-open-lightbox=\"yes\" data-elementor-lightbox-slideshow=\"all-63279ea\" data-elementor-lightbox-title=\"landesseniorentag_2021_goeppingen_008\" e-action-hash=\"#elementor-action%3Aaction%3Dlightbox%26settings%3DeyJpZCI6MjM5NSwidXJsIjoiaHR0cHM6XC9cL2xzci1idy5kZVwvc2VuaW9yZW5yYWV0ZVwvZ29lcHBpbmdlblwvd3AtY29udGVudFwvdXBsb2Fkc1wvMjAyMlwvMDFcL2xhbmRlc3NlbmlvcmVudGFnXzIwMjFfZ29lcHBpbmdlbl8wMDguanBnIiwic2xpZGVzaG93IjoiYWxsLTYzMjc5ZWEifQ%3D%3D\">\n\t\t\t\t\t<div class=\"e-gallery-image elementor-gallery-item__image\" data-thumbnail=\"https:\/\/lsr-bw.de\/seniorenraete\/goeppingen\/wp-content\/uploads\/2022\/01\/landesseniorentag_2021_goeppingen_008-300x225.jpg\" data-width=\"300\" data-height=\"225\" alt=\"\" ><\/div>\n\t\t\t\t\t\t\t\t\t\t\t<div class=\"elementor-gallery-item__overlay\"><\/div>\n\t\t\t\t\t\t\t\t\t\t\t\t\t\t<\/a>\n\t\t\t\t\t<\/div>\n\t\t\t<\/div>\n\t\t\t\t<\/div>\n\t\t\t\t\t\t<\/div>\n\t\t\t\t\t<\/div>\n\t\t<\/div>\n\t\t\t\t\t\t\t\t<\/div>\n\t\t\t\t\t<\/div>\n\t\t<\/section>\n\t\t\t\t\t\t<\/div>\n\t\t\t\t\t\t<\/div>\n\t\t\t\t\t<\/div>\n\t\t","protected":false},"excerpt":{"rendered":"<p>G\u00f6ppingen wird Senioren-Hauptstadt \u2013 freilich nur f\u00fcr einen Tag. Der Landesseniorenrat (LSR) hat den Landesseniorentag 2020 nach G\u00f6ppingen vergeben. Er [&hellip;]<\/p>\n","protected":false},"author":3,"featured_media":2391,"comment_status":"closed","ping_status":"closed","sticky":false,"template":"","format":"standard","meta":[],"categories":[89],"tags":[],"_links":{"self":[{"href":"https:\/\/lsr-bw.de\/seniorenraete\/goeppingen\/wp-json\/wp\/v2\/posts\/2290"}],"collection":[{"href":"https:\/\/lsr-bw.de\/seniorenraete\/goeppingen\/wp-json\/wp\/v2\/posts"}],"about":[{"href":"https:\/\/lsr-bw.de\/seniorenraete\/goeppingen\/wp-json\/wp\/v2\/types\/post"}],"author":[{"embeddable":true,"href":"https:\/\/lsr-bw.de\/seniorenraete\/goeppingen\/wp-json\/wp\/v2\/users\/3"}],"replies":[{"embeddable":true,"href":"https:\/\/lsr-bw.de\/seniorenraete\/goeppingen\/wp-json\/wp\/v2\/comments?post=2290"}],"version-history":[{"count":9,"href":"https:\/\/lsr-bw.de\/seniorenraete\/goeppingen\/wp-json\/wp\/v2\/posts\/2290\/revisions"}],"predecessor-version":[{"id":2403,"href":"https:\/\/lsr-bw.de\/seniorenraete\/goeppingen\/wp-json\/wp\/v2\/posts\/2290\/revisions\/2403"}],"wp:featuredmedia":[{"embeddable":true,"href":"https:\/\/lsr-bw.de\/seniorenraete\/goeppingen\/wp-json\/wp\/v2\/media\/2391"}],"wp:attachment":[{"href":"https:\/\/lsr-bw.de\/seniorenraete\/goeppingen\/wp-json\/wp\/v2\/media?parent=2290"}],"wp:term":[{"taxonomy":"category","embeddable":true,"href":"https:\/\/lsr-bw.de\/seniorenraete\/goeppingen\/wp-json\/wp\/v2\/categories?post=2290"},{"taxonomy":"post_tag","embeddable":true,"href":"https:\/\/lsr-bw.de\/seniorenraete\/goeppingen\/wp-json\/wp\/v2\/tags?post=2290"}],"curies":[{"name":"wp","href":"https:\/\/api.w.org\/{rel}","templated":true}]}}